{"id":28258,"date":"2026-02-05T15:57:11","date_gmt":"2026-02-05T14:57:11","guid":{"rendered":"https:\/\/getlux.sk\/versace-primavara-vara-2026-o-noua-era-sub-conducerea-lui-dario-vitale\/"},"modified":"2026-03-03T09:12:16","modified_gmt":"2026-03-03T08:12:16","slug":"versace-primavara-vara-2026-o-noua-era-sub-conducerea-lui-dario-vitale","status":"publish","type":"post","link":"https:\/\/getlux.sk\/ro\/versace-primavara-vara-2026-o-noua-era-sub-conducerea-lui-dario-vitale\/","title":{"rendered":"Versace Prim\u0103var\u0103-Var\u0103 2026: O nou\u0103 er\u0103 sub conducerea lui Dario Vitale"},"content":{"rendered":"\n<p><\/p>\n\n<p>Lumea modei a fost martora unuia dintre cele mai a\u0219teptate momente ale sezonului la Milano \u2013 debutul noului director de crea\u021bie Dario Vitale pentru casa Versace. Colec\u021bia prim\u0103var\u0103\/var\u0103 2026 nu este doar despre haine, ci despre atitudinea \u0219i energia nest\u0103vilit\u0103 care definesc elegan\u021ba italian\u0103 modern\u0103. <\/p>\n\n<h3 class=\"wp-block-heading\">\ud83c\udf2a\ufe0f \u00centoarcerea la arhive cu o \u201earom\u0103\u201d modern\u0103<\/h3>\n\n<p>Vitale a cercetat \u00een profunzime arhivele lui Gianni Versace de la sf\u00e2r\u0219itul anilor 1980. Rezultatul este o colec\u021bie pe care criticii o descriu drept \u201eun vis febril al anilor &#8217;80\u201d. La ce ne putem a\u0219tepta?   <\/p>\n\n<ul class=\"wp-block-list\">\n<li>Contraste \u00eendr\u0103zne\u021be: Pantaloni str\u0103lucitori combina\u021bi cu jachete bomber vintage.<\/li>\n\n\n\n<li>Libertate material\u0103: Pielea luxoas\u0103 se \u00eembin\u0103 cu denimul, m\u0103tasea \u0219i tricotajele.<\/li>\n\n\n\n<li>Coduri iconice: modelele \u00een chei grece\u0219ti (La Greca) \u0219i motivele Medusa revin \u00eentr-o form\u0103 mai subtil\u0103, aproape deconstruit\u0103.<\/li>\n<\/ul>\n\n<h3 class=\"wp-block-heading\">\ud83d\udc57 Principalele tendin\u021be ale sezonului<\/h3>\n\n<p>Colec\u021bia prim\u0103var\u0103-var\u0103 2026 se \u00eendep\u0103rteaz\u0103 de rochiile de sear\u0103 tradi\u021bionale \u0219i aduce o mod\u0103 \u201emai real\u0103\u201d \u0219i mai u\u0219or de purtat, de exemplu, \u00een club, nu doar pe covorul ro\u0219u.<\/p>\n\n<ul class=\"wp-block-list\">\n<li>Eliberarea lenjeriei intime: Sutienele brodate \u00een miniatur\u0103, purtate ca topuri, sunt unul dintre elementele cheie.<\/li>\n\n\n\n<li>Culori \u00eendr\u0103zne\u021be: Nuan\u021bele precum chartreuse (galben-verde) \u0219i tonurile bombonoase domin\u0103, complet\u00e2nd clasicul negru \u0219i maro.<\/li>\n\n\n\n<li>Senzualitate brut\u0103: Cus\u0103turile expuse, logo-urile vizibile pe lenjerie intim\u0103 \u0219i combina\u021biile nea\u0219teptate de materiale confer\u0103 colec\u021biei o not\u0103 brut\u0103 \u0219i rebel\u0103.<\/li>\n<\/ul>\n\n<h3 class=\"wp-block-heading\">\ud83d\udda4 <\/h3>\n\n<p>Campania, intitulat\u0103 \u201eO comunitate \u00eentruchipat\u0103\u201d, subliniaz\u0103 faptul c\u0103 moda Versace este despre comunitate \u0219i exprimare liber\u0103 a sinelui, f\u0103r\u0103 scuze. Vitale aduce o viziune nou\u0103, pu\u021bin mai bl\u00e2nd\u0103, dar totu\u0219i incredibil de sexy, c\u0103tre Versace, care \u00eembin\u0103 perfect mo\u0219tenirea brandului cu nevoile actuale. <\/p>\n","protected":false},"excerpt":{"rendered":"<p>Lumea modei a fost martora unuia dintre cele mai a\u0219teptate momente ale sezonului la Milano \u2013 debutul noului director de<\/p>\n","protected":false},"author":4,"featured_media":28257,"comment_status":"closed","ping_status":"closed","sticky":false,"template":"","format":"standard","meta":{"footnotes":""},"categories":[1],"tags":[494,383,381,384,495,382,380],"class_list":["post-28258","post","type-post","status-publish","format-standard","has-post-thumbnail","hentry","category-uncategorized-sk","tag-doplnky","tag-luxus","tag-moda","tag-oblecenie","tag-topanky","tag-trendy","tag-versace"],"_links":{"self":[{"href":"https:\/\/getlux.sk\/ro\/wp-json\/wp\/v2\/posts\/28258","targetHints":{"allow":["GET"]}}],"collection":[{"href":"https:\/\/getlux.sk\/ro\/wp-json\/wp\/v2\/posts"}],"about":[{"href":"https:\/\/getlux.sk\/ro\/wp-json\/wp\/v2\/types\/post"}],"author":[{"embeddable":true,"href":"https:\/\/getlux.sk\/ro\/wp-json\/wp\/v2\/users\/4"}],"replies":[{"embeddable":true,"href":"https:\/\/getlux.sk\/ro\/wp-json\/wp\/v2\/comments?post=28258"}],"version-history":[{"count":1,"href":"https:\/\/getlux.sk\/ro\/wp-json\/wp\/v2\/posts\/28258\/revisions"}],"predecessor-version":[{"id":28259,"href":"https:\/\/getlux.sk\/ro\/wp-json\/wp\/v2\/posts\/28258\/revisions\/28259"}],"wp:featuredmedia":[{"embeddable":true,"href":"https:\/\/getlux.sk\/ro\/wp-json\/wp\/v2\/media\/28257"}],"wp:attachment":[{"href":"https:\/\/getlux.sk\/ro\/wp-json\/wp\/v2\/media?parent=28258"}],"wp:term":[{"taxonomy":"category","embeddable":true,"href":"https:\/\/getlux.sk\/ro\/wp-json\/wp\/v2\/categories?post=28258"},{"taxonomy":"post_tag","embeddable":true,"href":"https:\/\/getlux.sk\/ro\/wp-json\/wp\/v2\/tags?post=28258"}],"curies":[{"name":"wp","href":"https:\/\/api.w.org\/{rel}","templated":true}]}}